[{"@context":"https:\/\/schema.org\/","@type":"Article","@id":"https:\/\/www.morgus.cz\/svatebni-den-jen-pro-vas\/#Article","mainEntityOfPage":"https:\/\/www.morgus.cz\/svatebni-den-jen-pro-vas\/","headline":"Svatebn\u00ed den jen pro v\u00e1s","name":"Svatebn\u00ed den jen pro v\u00e1s","description":"V\u00e1\u0161 velk\u00fd den D se pomalu bl\u00ed\u017e\u00ed a vy u\u017e dola\u010fujete posledn\u00ed \u00fapravy a p\u0159em\u00fd\u0161l\u00edte je\u0161t\u011b nad t\u00edm, jak v\u0161echno v\u00edce z dokonalit. Svatba pro \u017eenu je d\u016fle\u017eit\u00e1, ale najdou se i takov\u00e9, kter\u00e9 si na velk\u00fd p\u0159epych nepotrp\u00ed a spokoj\u00ed se i s m\u00e1lem. Tak \u017ee nikde nen\u00ed psan\u00e9, \u017ee mus\u00edte m\u00edt svatbu t\u0159eba [&hellip;]","datePublished":"2023-06-02","dateModified":"2023-08-02","author":{"@type":"Person","@id":"https:\/\/www.morgus.cz\/author\/#Person","name":"","url":"https:\/\/www.morgus.cz\/author\/","identifier":1,"image":{"@type":"ImageObject","@id":"https:\/\/secure.gravatar.com\/avatar\/e5312f21b37eec0871f00feffaf403580ddf46c2d055479cc6723fb0100721f2?s=96&d=mm&r=g","url":"https:\/\/secure.gravatar.com\/avatar\/e5312f21b37eec0871f00feffaf403580ddf46c2d055479cc6723fb0100721f2?s=96&d=mm&r=g","height":96,"width":96}},"publisher":{"@type":"Organization","name":"morgus.cz","logo":{"@type":"ImageObject","@id":"\/logo.png","url":"\/logo.png","width":600,"height":60}},"image":{"@type":"ImageObject","@id":"https:\/\/www.morgus.cz\/wp-content\/uploads\/wedding-1770860_1280_1.jpg","url":"https:\/\/www.morgus.cz\/wp-content\/uploads\/wedding-1770860_1280_1.jpg","height":0,"width":0},"url":"https:\/\/www.morgus.cz\/svatebni-den-jen-pro-vas\/","about":["IT"],"wordCount":482,"articleBody":"   V\u00e1\u0161 velk\u00fd den D se pomalu bl\u00ed\u017e\u00ed a vy u\u017e dola\u010fujete posledn\u00ed \u00fapravy a p\u0159em\u00fd\u0161l\u00edte je\u0161t\u011b nad t\u00edm, jak v\u0161echno v\u00edce z dokonalit. Svatba pro \u017eenu je d\u016fle\u017eit\u00e1, ale najdou se i takov\u00e9, kter\u00e9 si na velk\u00fd p\u0159epych nepotrp\u00ed a spokoj\u00ed se i s m\u00e1lem. Tak \u017ee nikde nen\u00ed psan\u00e9, \u017ee mus\u00edte m\u00edt svatbu t\u0159eba za sto tis\u00edc, ale spokoj\u00edte se se svatbou, kter\u00e1 v\u00e1s vyjde co nejlevn\u011bji. Proto\u017ee m\u00e1te sp\u00ed\u0161e jin\u00e9 priority. Na tomhle nen\u00ed v\u016fbec nic \u0161patn\u00e9. M\u00e1m to \u00fapln\u011b stejn\u011b. Ano je to kr\u00e1sn\u00fd den o dvou lidech, kte\u0159\u00ed se miluj\u00ed a slibuj\u00ed si l\u00e1sku do smrti, ale \u0159ekn\u011bte mi, kolik takov\u00fdch lid\u00ed na sv\u011bt\u011b existuje. Nikdy \u010dlov\u011bk nev\u00ed, co mu budoucnost p\u0159inese a m\u016f\u017ee to b\u00fdt opravdu cokoliv. Ale to u\u017e jsme docela dost odbo\u010dili. Poj\u010fme se v\u011bnovat svatebn\u00edm p\u0159\u00edprav\u00e1m Svatebn\u00ed p\u0159\u00edpravy jsou kolikr\u00e1t opravdu hektick\u00e9, zvl\u00e1\u0161t\u011b pokud n\u00e1s tla\u010d\u00ed \u010das. Mus\u00edme vy\u0159\u00eddit spousty v\u011bc\u00ed, bez kter\u00fdch se svatba nebo svatebn\u00ed den neobejde. Ur\u010dit\u011b si mus\u00edte prvn\u00ed zajistit m\u00edsto, kde se svatba bude odehr\u00e1vat. A hlavn\u011b si mus\u00edte taky zajistit kdo v\u00e1s bude odd\u00e1vat. M\u016f\u017eete se vz\u00edt t\u0159eba jenom na matrice, nebo v kostele. Taky spousta lid\u00ed d\u00e1v\u00e1 p\u0159ednost i dal\u0161\u00edm m\u00edst\u016fm na ob\u0159ad jako jsou t\u0159eba louky, lesy, parky nebo hrady a z\u00e1mky. Z\u00e1le\u017e\u00ed opravdu na v\u00e1s, kde se budete cht\u00edt vz\u00edt. Klidn\u011b si m\u016f\u017eete \u0159\u00edct sv\u00e9 ano pod vodou nebo i ve vzduchu. Taky si mus\u00edte promyslet, kde bude svatebn\u00ed hostina, kolik svatebn\u00edch host\u016f si pozvete. V\u017edycky jsou pozv\u00e1ni \u010dlenov\u00e9 nejbli\u017e\u0161\u00ed rodiny, pak dal\u0161\u00ed \u010dlenov\u00e9 rodinn\u00fdch p\u0159\u00edslu\u0161n\u00edk\u016f (vzd\u00e1len\u00fdch). D\u00e1le jsou taky pozv\u00e1ni i p\u0159\u00e1tel\u00e9. Ale opravdu v tomhle z\u00e1le\u017e\u00ed na v\u00e1s, koho si na svoji svatbu pozvete. Taky si j\u00ed m\u016f\u017eete ud\u011blat jen vy dva, sv\u011bdkov\u00e9 a odd\u00e1vaj\u00edc\u00ed. Nebudete jedin\u00ed na sv\u011bt\u011b, kdo to takhle ud\u011blal. Svat\u011b taky ur\u010dit\u011b pat\u0159\u00ed svatebn\u00ed \u0161aty, kter\u00e9 bude m\u00edt nev\u011bsta na sob\u011b. U\u017e m\u00e1te n\u011bjak\u00e9 vybran\u00e9? Nebo to nech\u00e1v\u00e1te na posledn\u00ed chv\u00edli. M\u016f\u017eu \u0159\u00edct, \u017ee j\u00e1 jsem v\u00fdb\u011br \u0161at\u016f nechala na posledn\u00ed chv\u00edli a m\u011bla jsem teda co d\u011blat sehnat ty prav\u00e9, kter\u00e9 by mi sedli. U\u017e bych to takhle neud\u011blala. Ale na\u0161t\u011bst\u00ed jsem narazila na svatebn\u00ed \u0161aty Praha, kde m\u011b na posledn\u00ed chv\u00edli zachr\u00e1nili a opravdu jsem tam na\u0161la sv\u00e9 \u0161aty, kter\u00e9 mi dokonale padly.                                                                                                                                                                                                                                                                                                                                                                                           4.3\/5 - (7 votes)        "},{"@context":"https:\/\/schema.org\/","@type":"BreadcrumbList","itemListElement":[{"@type":"ListItem","position":1,"name":"Svatebn\u00ed den jen pro v\u00e1s","item":"https:\/\/www.morgus.cz\/svatebni-den-jen-pro-vas\/#breadcrumbitem"}]}]