[{"@context":"https:\/\/schema.org\/","@type":"Article","@id":"https:\/\/www.morgus.cz\/delame-to-pro-deti\/#Article","mainEntityOfPage":"https:\/\/www.morgus.cz\/delame-to-pro-deti\/","headline":"D\u011bl\u00e1me to pro d\u011bti","name":"D\u011bl\u00e1me to pro d\u011bti","description":"Pokud se n&Atilde;&iexcl;m poda&Aring;&#8482;&Atilde;&shy; m&Atilde;&shy;t dovolenou sou&Auml;asn&Auml;&#8250; s&Acirc;&nbsp;dovolenou na&Aring;&iexcl;ich partner&Aring;&macr; a s&Acirc;&nbsp;pr&Atilde;&iexcl;zdninami na&Aring;&iexcl;ich d&Auml;&#8250;t&Atilde;&shy;, je to skv&Auml;&#8250;l&Atilde;&iexcl; p&Aring;&#8482;&Atilde;&shy;le&Aring;&frac34;itost, jak si aspo&Aring;&#710; kr&Atilde;&iexcl;tkodob&Auml;&#8250; dosyta u&Aring;&frac34;&Atilde;&shy;t sv&Aring;&macr;j skute&Auml;n&Atilde;&frac12; spole&Auml;n&Atilde;&frac12; &Aring;&frac34;ivot. Zat&Atilde;&shy;mco jsou ve v&Aring;&iexcl;edn&Atilde;&shy;ch dnech d&Auml;&#8250;ti minim&Atilde;&iexcl;ln&Auml;&#8250; p&Aring;&macr;l dne ve &Aring;&iexcl;kole a pak je&Aring;&iexcl;t&Auml;&#8250; d&Auml;&#8250;laj&Atilde;&shy; &Atilde;&ordm;koly, a zat&Atilde;&shy;mco my pracujeme t&Aring;&#8482;eba od nevid&Atilde;&shy;m do nevid&Atilde;&shy;m, a tud&Atilde;&shy;&Aring;&frac34; [&hellip;]","datePublished":"2022-10-27","dateModified":"2023-09-29","author":{"@type":"Person","@id":"https:\/\/www.morgus.cz\/author\/#Person","name":"","url":"https:\/\/www.morgus.cz\/author\/","identifier":1,"image":{"@type":"ImageObject","@id":"https:\/\/secure.gravatar.com\/avatar\/e5312f21b37eec0871f00feffaf403580ddf46c2d055479cc6723fb0100721f2?s=96&d=mm&r=g","url":"https:\/\/secure.gravatar.com\/avatar\/e5312f21b37eec0871f00feffaf403580ddf46c2d055479cc6723fb0100721f2?s=96&d=mm&r=g","height":96,"width":96}},"publisher":{"@type":"Organization","name":"morgus.cz","logo":{"@type":"ImageObject","@id":"\/logo.png","url":"\/logo.png","width":600,"height":60}},"image":{"@type":"ImageObject","@id":"https:\/\/www.morgus.cz\/wp-content\/uploads\/dd_10_1.jpg","url":"https:\/\/www.morgus.cz\/wp-content\/uploads\/dd_10_1.jpg","height":0,"width":0},"url":"https:\/\/www.morgus.cz\/delame-to-pro-deti\/","about":["Lifestyle"],"wordCount":824,"articleBody":"Pokud se n&Atilde;&iexcl;m poda&Aring;&#8482;&Atilde;&shy; m&Atilde;&shy;t dovolenou sou&Auml;asn&Auml;&#8250; s&Acirc;&nbsp;dovolenou na&Aring;&iexcl;ich partner&Aring;&macr; a s&Acirc;&nbsp;pr&Atilde;&iexcl;zdninami na&Aring;&iexcl;ich d&Auml;&#8250;t&Atilde;&shy;, je to skv&Auml;&#8250;l&Atilde;&iexcl; p&Aring;&#8482;&Atilde;&shy;le&Aring;&frac34;itost, jak si aspo&Aring;&#710; kr&Atilde;&iexcl;tkodob&Auml;&#8250; dosyta u&Aring;&frac34;&Atilde;&shy;t sv&Aring;&macr;j skute&Auml;n&Atilde;&frac12; spole&Auml;n&Atilde;&frac12; &Aring;&frac34;ivot. Zat&Atilde;&shy;mco jsou ve v&Aring;&iexcl;edn&Atilde;&shy;ch dnech d&Auml;&#8250;ti minim&Atilde;&iexcl;ln&Auml;&#8250; p&Aring;&macr;l dne ve &Aring;&iexcl;kole a pak je&Aring;&iexcl;t&Auml;&#8250; d&Auml;&#8250;laj&Atilde;&shy; &Atilde;&ordm;koly, a zat&Atilde;&shy;mco my pracujeme t&Aring;&#8482;eba od nevid&Atilde;&shy;m do nevid&Atilde;&shy;m, a tud&Atilde;&shy;&Aring;&frac34; na sebe nem&Atilde;&shy;v&Atilde;&iexcl;me nejednou dost &Auml;asu, o dovolen&Atilde;&copy; ten &Auml;as m&Atilde;&iexcl;me. A byl by h&Aring;&#8482;&Atilde;&shy;ch ho nevyu&Aring;&frac34;&Atilde;&shy;t.A tak vyr&Atilde;&iexcl;&Aring;&frac34;&Atilde;&shy;me s&Acirc;&nbsp;d&Auml;&#8250;tmi tam, kam chceme jak my, tak i ony. N&Auml;&#8250;kdy do okoln&Atilde;&shy; p&Aring;&#8482;&Atilde;&shy;rody, n&Auml;&#8250;kdy za babi&Auml;kou a d&Auml;&#8250;dou, n&Auml;&#8250;kdy t&Aring;&#8482;eba i do ciziny, dejme tomu k mo&Aring;&#8482;i. A tam se sna&Aring;&frac34;&Atilde;&shy;me, abychom si to spolu v&Aring;&iexcl;ichni u&Aring;&frac34;ili. Nav&Aring;&iexcl;t&Auml;&#8250;vujeme spolu z&Atilde;&iexcl;bavn&Atilde;&shy; centra nebo historick&Atilde;&copy; pam&Auml;&#8250;tihodnosti, toul&Atilde;&iexcl;me se m&Auml;&#8250;sty i p&Aring;&#8482;&Atilde;&shy;rodou, a hlavn&Auml;&#8250; se sna&Aring;&frac34;&Atilde;&shy;me, abychom byli spolu.A &Auml;emu v&Auml;&#8250;nujeme o takov&Atilde;&copy; dovolen&Atilde;&copy; s&Acirc;&nbsp;rodinou nejv&Atilde;&shy;ce &Auml;asu? To z&Atilde;&iexcl;le&Aring;&frac34;&Atilde;&shy; vlastn&Auml;&#8250; na po&Auml;tu a v&Auml;&#8250;ku d&Auml;&#8250;t&Atilde;&shy;, kter&Atilde;&copy; bereme s&Acirc;&nbsp;sebou. U t&Auml;&#8250;ch nejmen&Aring;&iexcl;&Atilde;&shy;ch je na&Aring;&iexcl;&Atilde;&shy; nej&Auml;ast&Auml;&#8250;j&Aring;&iexcl;&Atilde;&shy; &Auml;innost&Atilde;&shy; o dovolen&Atilde;&copy; star&Atilde;&iexcl;n&Atilde;&shy; se o to, aby se n&Atilde;&iexcl;m tyto n&Auml;&#8250;kde neztratily a aby se jim nic nestalo, p&Aring;&#8482;&Atilde;&shy;padn&Auml;&#8250; aby tyto n&Auml;&#8250;kde nep&Atilde;&iexcl;chaly n&Auml;&#8250;jak&Atilde;&iexcl; p&Aring;&#8482;&Atilde;&shy;li&Aring;&iexcl;n&Atilde;&iexcl; alotria. A u t&Auml;&#8250;ch odrostlej&Aring;&iexcl;&Atilde;&shy;ch pak hlavn&Auml;&#8250; to, aby nebyl n&Auml;&#8250;jak&Atilde;&frac12; pr&Aring;&macr;&Aring;&iexcl;vih, a nakonec abychom se t&Aring;&#8482;eba nevr&Atilde;&iexcl;tili z&Acirc;&nbsp;dovolen&Atilde;&copy; jako nast&Atilde;&iexcl;vaj&Atilde;&shy;c&Atilde;&shy; prarodi&Auml;e.A tak nakonec po&Aring;&iexcl;leme sv&Atilde;&copy; potomstvo t&Aring;&#8482;eba je&Aring;&iexcl;t&Auml;&#8250; na n&Auml;&#8250;jak&Atilde;&frac12; t&Atilde;&iexcl;bor. A pak na toto aspo&Aring;&#710; neust&Atilde;&iexcl;le mysl&Atilde;&shy;me. A douf&Atilde;&iexcl;me, &Aring;&frac34;e se n&Atilde;&iexcl;m toto d&Atilde;&shy;tko vr&Atilde;&iexcl;t&Atilde;&shy; v&Acirc;&nbsp;po&Aring;&#8482;&Atilde;&iexcl;dku v&Acirc;&nbsp;napl&Atilde;&iexcl;novan&Atilde;&copy;m term&Atilde;&shy;nu. &Aring;&frac12;e si pro n&Auml;&#8250;j t&Aring;&#8482;eba nepojedeme jako tolikr&Atilde;&iexcl;t za star&Atilde;&frac12;ch &Auml;as&Aring;&macr;, a&Aring;&frac34; tam dostane dejme tomu &Atilde;&ordm;plavici, &Atilde;&ordm;&Aring;&frac34;eh, &Atilde;&ordm;pal a podobn&Auml;&#8250;. Nebo sv&Atilde;&copy; d&Auml;&#8250;ti sv&Auml;&#8250;&Aring;&#8482;&Atilde;&shy;me prarodi&Auml;&Aring;&macr;m, pokud si tito v&Auml;as nenajdou n&Auml;&#8250;jakou v&Atilde;&frac12;mluvu, pro&Auml; se n&Atilde;&iexcl;m o n&Auml;&#8250; nemohou ke sv&Atilde;&copy; nezm&Auml;&#8250;rn&Atilde;&copy; l&Atilde;&shy;tosti nebo &acirc;&#8364;&#353;nezm&Auml;&#8250;rn&Atilde;&copy; l&Atilde;&shy;tosti&acirc;&#8364;&#732; postarat.A &Auml;&Atilde;&shy;m pro n&Atilde;&iexcl;s spole&Auml;n&Atilde;&iexcl; dovolen&Atilde;&iexcl; s&Acirc;&nbsp;d&Auml;&#8250;tmi kon&Auml;&Atilde;&shy;? Velice &Auml;asto t&Atilde;&shy;m, &Aring;&frac34;e jsme r&Atilde;&iexcl;di, &Aring;&frac34;e zase m&Aring;&macr;&Aring;&frac34;eme str&Auml;it d&Auml;&#8250;ti do &Aring;&iexcl;koly. A j&Atilde;&shy;t si do pr&Atilde;&iexcl;ce odpo&Auml;inout.                                                                                                                                                                                                                                                                                                                                                                                        4.6\/5 - (7 votes)        "},{"@context":"https:\/\/schema.org\/","@type":"BreadcrumbList","itemListElement":[{"@type":"ListItem","position":1,"name":"D\u011bl\u00e1me to pro d\u011bti","item":"https:\/\/www.morgus.cz\/delame-to-pro-deti\/#breadcrumbitem"}]}]